{"id":241,"date":"2026-07-20T05:34:51","date_gmt":"2026-07-20T05:34:51","guid":{"rendered":"https:\/\/www.montpellierfleurs.com\/grabels\/?p=241"},"modified":"2026-07-20T05:34:51","modified_gmt":"2026-07-20T05:34:51","slug":"mariage-au-chateau-bas-daumelas","status":"publish","type":"post","link":"https:\/\/www.montpellierfleurs.com\/grabels\/index.php\/2026\/07\/20\/mariage-au-chateau-bas-daumelas\/","title":{"rendered":"Mariage au chateau Bas d&#8217;Aumelas"},"content":{"rendered":"\n<p class=\"wp-block-paragraph\">mariage sur une th\u00e9matique viticole dans le tr\u00e8s beau domaine du Chateau Bas \u00e0 Aumelas.<\/p>\n\n\n\n<p class=\"wp-block-paragraph\">C,est une couple d&#8217;am\u00e9ricain que a souhait\u00e9 s&#8217;unir dans le sud de la France, et que nous a choisi comme fleuriste pour cet \u00e9v\u00e8nement.<\/p>\n\n\n\n<figure class=\"wp-block-gallery has-nested-images columns-default is-cropped wp-block-gallery-1 is-layout-flex wp-block-gallery-is-layout-flex\">\n\n\n\n\n\n\n\n\n\n\n\n\n\n\n\n\n\n\n\n\n<figure class=\"wp-block-image size-large\"><img loading=\"lazy\" decoding=\"async\" width=\"768\" height=\"1024\" data-id=\"243\" src=\"https:\/\/www.montpellierfleurs.com\/grabels\/wp-content\/uploads\/2026\/07\/IMG_4385-768x1024.jpg\" alt=\"\" class=\"wp-image-243\" srcset=\"https:\/\/www.montpellierfleurs.com\/grabels\/wp-content\/uploads\/2026\/07\/IMG_4385-768x1024.jpg 768w, https:\/\/www.montpellierfleurs.com\/grabels\/wp-content\/uploads\/2026\/07\/IMG_4385-225x300.jpg 225w, https:\/\/www.montpellierfleurs.com\/grabels\/wp-content\/uploads\/2026\/07\/IMG_4385-1152x1536.jpg 1152w, https:\/\/www.montpellierfleurs.com\/grabels\/wp-content\/uploads\/2026\/07\/IMG_4385-1536x2048.jpg 1536w, https:\/\/www.montpellierfleurs.com\/grabels\/wp-content\/uploads\/2026\/07\/IMG_4385-1320x1760.jpg 1320w, https:\/\/www.montpellierfleurs.com\/grabels\/wp-content\/uploads\/2026\/07\/IMG_4385-600x800.jpg 600w, https:\/\/www.montpellierfleurs.com\/grabels\/wp-content\/uploads\/2026\/07\/IMG_4385-scaled.jpg 1920w\" sizes=\"auto, (max-width: 768px) 100vw, 768px\" \/><\/figure>\n\n\n\n\n\n\n\n\n\n\n\n<figure class=\"wp-block-image size-large\"><img loading=\"lazy\" decoding=\"async\" width=\"768\" height=\"1024\" data-id=\"247\" src=\"https:\/\/www.montpellierfleurs.com\/grabels\/wp-content\/uploads\/2026\/07\/IMG_4391-768x1024.jpg\" alt=\"\" class=\"wp-image-247\" srcset=\"https:\/\/www.montpellierfleurs.com\/grabels\/wp-content\/uploads\/2026\/07\/IMG_4391-768x1024.jpg 768w, https:\/\/www.montpellierfleurs.com\/grabels\/wp-content\/uploads\/2026\/07\/IMG_4391-225x300.jpg 225w, https:\/\/www.montpellierfleurs.com\/grabels\/wp-content\/uploads\/2026\/07\/IMG_4391-1152x1536.jpg 1152w, https:\/\/www.montpellierfleurs.com\/grabels\/wp-content\/uploads\/2026\/07\/IMG_4391-1536x2048.jpg 1536w, https:\/\/www.montpellierfleurs.com\/grabels\/wp-content\/uploads\/2026\/07\/IMG_4391-1320x1760.jpg 1320w, https:\/\/www.montpellierfleurs.com\/grabels\/wp-content\/uploads\/2026\/07\/IMG_4391-600x800.jpg 600w, https:\/\/www.montpellierfleurs.com\/grabels\/wp-content\/uploads\/2026\/07\/IMG_4391-scaled.jpg 1920w\" sizes=\"auto, (max-width: 768px) 100vw, 768px\" \/><\/figure>\n\n\n\n<figure class=\"wp-block-image size-large\"><img loading=\"lazy\" decoding=\"async\" width=\"1024\" height=\"768\" data-id=\"242\" src=\"https:\/\/www.montpellierfleurs.com\/grabels\/wp-content\/uploads\/2026\/07\/IMG_4393-1024x768.jpg\" alt=\"\" class=\"wp-image-242\" srcset=\"https:\/\/www.montpellierfleurs.com\/grabels\/wp-content\/uploads\/2026\/07\/IMG_4393-1024x768.jpg 1024w, https:\/\/www.montpellierfleurs.com\/grabels\/wp-content\/uploads\/2026\/07\/IMG_4393-300x225.jpg 300w, https:\/\/www.montpellierfleurs.com\/grabels\/wp-content\/uploads\/2026\/07\/IMG_4393-768x576.jpg 768w, https:\/\/www.montpellierfleurs.com\/grabels\/wp-content\/uploads\/2026\/07\/IMG_4393-1536x1152.jpg 1536w, https:\/\/www.montpellierfleurs.com\/grabels\/wp-content\/uploads\/2026\/07\/IMG_4393-2048x1536.jpg 2048w, https:\/\/www.montpellierfleurs.com\/grabels\/wp-content\/uploads\/2026\/07\/IMG_4393-1320x990.jpg 1320w, https:\/\/www.montpellierfleurs.com\/grabels\/wp-content\/uploads\/2026\/07\/IMG_4393-600x450.jpg 600w\" sizes=\"auto, (max-width: 1024px) 100vw, 1024px\" \/><\/figure>\n\n\n\n<figure class=\"wp-block-image size-large\"><img loading=\"lazy\" decoding=\"async\" width=\"1024\" height=\"768\" data-id=\"244\" src=\"https:\/\/www.montpellierfleurs.com\/grabels\/wp-content\/uploads\/2026\/07\/IMG_4395-1024x768.jpg\" alt=\"\" class=\"wp-image-244\" srcset=\"https:\/\/www.montpellierfleurs.com\/grabels\/wp-content\/uploads\/2026\/07\/IMG_4395-1024x768.jpg 1024w, https:\/\/www.montpellierfleurs.com\/grabels\/wp-content\/uploads\/2026\/07\/IMG_4395-300x225.jpg 300w, https:\/\/www.montpellierfleurs.com\/grabels\/wp-content\/uploads\/2026\/07\/IMG_4395-768x576.jpg 768w, https:\/\/www.montpellierfleurs.com\/grabels\/wp-content\/uploads\/2026\/07\/IMG_4395-1536x1152.jpg 1536w, https:\/\/www.montpellierfleurs.com\/grabels\/wp-content\/uploads\/2026\/07\/IMG_4395-2048x1536.jpg 2048w, https:\/\/www.montpellierfleurs.com\/grabels\/wp-content\/uploads\/2026\/07\/IMG_4395-1320x990.jpg 1320w, https:\/\/www.montpellierfleurs.com\/grabels\/wp-content\/uploads\/2026\/07\/IMG_4395-600x450.jpg 600w\" sizes=\"auto, (max-width: 1024px) 100vw, 1024px\" \/><\/figure>\n<\/figure>\n","protected":false},"excerpt":{"rendered":"<p>mariage sur une th\u00e9matique viticole dans le tr\u00e8s beau domaine du Chateau Bas \u00e0 Aumelas. C,est une couple d&#8217;am\u00e9ricain que a souhait\u00e9 s&#8217;unir dans le sud de la France, et que nous a choisi comme fleuriste pour cet \u00e9v\u00e8nement.<\/p>\n","protected":false},"author":1,"featured_media":0,"comment_status":"open","ping_status":"open","sticky":false,"template":"","format":"standard","meta":{"_jetpack_memberships_contains_paid_content":false,"footnotes":""},"categories":[1],"tags":[],"class_list":["post-241","post","type-post","status-publish","format-standard","hentry","category-uncategorized"],"jetpack_featured_media_url":"","jetpack_sharing_enabled":true,"_links":{"self":[{"href":"https:\/\/www.montpellierfleurs.com\/grabels\/index.php\/wp-json\/wp\/v2\/posts\/241","targetHints":{"allow":["GET"]}}],"collection":[{"href":"https:\/\/www.montpellierfleurs.com\/grabels\/index.php\/wp-json\/wp\/v2\/posts"}],"about":[{"href":"https:\/\/www.montpellierfleurs.com\/grabels\/index.php\/wp-json\/wp\/v2\/types\/post"}],"author":[{"embeddable":true,"href":"https:\/\/www.montpellierfleurs.com\/grabels\/index.php\/wp-json\/wp\/v2\/users\/1"}],"replies":[{"embeddable":true,"href":"https:\/\/www.montpellierfleurs.com\/grabels\/index.php\/wp-json\/wp\/v2\/comments?post=241"}],"version-history":[{"count":1,"href":"https:\/\/www.montpellierfleurs.com\/grabels\/index.php\/wp-json\/wp\/v2\/posts\/241\/revisions"}],"predecessor-version":[{"id":248,"href":"https:\/\/www.montpellierfleurs.com\/grabels\/index.php\/wp-json\/wp\/v2\/posts\/241\/revisions\/248"}],"wp:attachment":[{"href":"https:\/\/www.montpellierfleurs.com\/grabels\/index.php\/wp-json\/wp\/v2\/media?parent=241"}],"wp:term":[{"taxonomy":"category","embeddable":true,"href":"https:\/\/www.montpellierfleurs.com\/grabels\/index.php\/wp-json\/wp\/v2\/categories?post=241"},{"taxonomy":"post_tag","embeddable":true,"href":"https:\/\/www.montpellierfleurs.com\/grabels\/index.php\/wp-json\/wp\/v2\/tags?post=241"}],"curies":[{"name":"wp","href":"https:\/\/api.w.org\/{rel}","templated":true}]}}